{"id":2676,"date":"2024-11-25T15:06:15","date_gmt":"2024-11-25T13:06:15","guid":{"rendered":"https:\/\/hotelfabiandesbaux.com\/?post_type=actualites&#038;p=2676"},"modified":"2024-11-25T15:07:47","modified_gmt":"2024-11-25T13:07:47","slug":"mostra-mandala-baux-de-provence-2","status":"publish","type":"actualites","link":"https:\/\/hotelfabiandesbaux.com\/it\/notizie\/mostra-mandala-baux-de-provence-2\/","title":{"rendered":"Mostra di mandala: l'armonia in un cerchio"},"content":{"rendered":"<p>Dal 6 all'8 dicembre 2024, la galleria di Maussane-les-Alpilles vi invita a scoprire una mostra unica: <strong>\"Mostra di mandala: l'armonia in un cerchio<\/strong>organizzato dall'associazione Maussanaise <strong>Note e parole<\/strong>. Questa mostra, aperta tutti i giorni dalle 10 alle 20, mette in luce l'arte del mandala in una forma moderna e accattivante.<\/p>\n<h3>Un evento artistico da non perdere<\/h3>\n<p>I mandala, cerchi intrisi di armonia e simbolismo, saranno presentati in originali creazioni digitali, arricchite da una stampa su alluminio. Al crocevia tra arte e benessere, queste opere sono molto pi\u00f9 che semplici oggetti decorativi. Offrono uno spazio di relax, distensione e concentrazione.<\/p>\n<p><strong>Il vernissage<\/strong>La mostra si apre con un ricevimento venerd\u00ec 6 dicembre a partire dalle 18.30. \u00c8 un'ottima occasione per incontrare gli artisti e addentrarsi nell'affascinante mondo dei mandala.<\/p>\n<h3>Un'idea regalo per le feste<\/h3>\n<p>Con il Natale alle porte, questa mostra \u00e8 l'occasione perfetta per trovare un regalo unico e significativo. Il dono di un mandala \u00e8 un momento di serenit\u00e0, un tocco di eleganza e un simbolo di armonia. Che si tratti di abbellire la casa o di incoraggiare la meditazione, queste opere d'arte sono in grado di soddisfare tutti i gusti e i desideri.<\/p>\n<h3>Soggiorno vicino a Maussane-les-Alpilles<\/h3>\n<p>Se avete intenzione di visitare questa mostra e di scoprire i tesori delle Alpilles, la<a href=\"https:\/\/hotelfabiandesbaux.com\/it\/\"><strong>Albergo Fabian des Baux<\/strong><\/a> \u00e8 l'indirizzo ideale per il vostro soggiorno. Situata a pochi minuti da Maussane-les-Alpilles, questa struttura unisce il fascino provenzale ai comfort moderni, in un ambiente tranquillo e incantevole.<\/p>\n<p>Approfittate della vostra visita per esplorare <a href=\"https:\/\/hotelfabiandesbaux.com\/it\/cosa-fare-hotel-baux-de-provence\/\">l'area intorno a <strong>Baux-de-Provence<\/strong><\/a>Les Baux \u00e8 uno dei villaggi pi\u00f9 belli della Francia, noto per le sue stradine pittoresche e i suoi panorami mozzafiato. Dopo una giornata all'insegna dell'arte e della natura, tornate al comfort dell'H\u00f4tel Fabian des Baux per un sonno ristoratore.<\/p>\n<h3>Informazioni pratiche per la mostra Mandala<\/h3>\n<ul>\n<li><strong>Date<\/strong> dal 6 all'8 dicembre 2024<\/li>\n<li><strong>Orario<\/strong> Dalle 10.00 alle 20.00<\/li>\n<li><strong>Posizione<\/strong> Espace galerie, Maussane-les-Alpilles<\/li>\n<li><strong>Apertura<\/strong> Venerd\u00ec 6 dicembre alle 18.30<\/li>\n<li><strong>Organizzatore<\/strong> Associazione Note e Parole<\/li>\n<\/ul>\n<p><a href=\"https:\/\/hotelfabiandesbaux.com\/it\/contatto-hotel-baux-de-provence-camera\/\">Libro<\/a> prenotate subito il vostro soggiorno all'H\u00f4tel Fabian des Baux per approfittare di questo evento e delle meraviglie che la nostra splendida regione ha da offrire.<\/p>","protected":false},"featured_media":2677,"menu_order":0,"template":"","class_list":["post-2676","actualites","type-actualites","status-publish","has-post-thumbnail","hentry"],"acf":[],"_links":{"self":[{"href":"https:\/\/hotelfabiandesbaux.com\/it\/wp-json\/wp\/v2\/actualites\/2676","targetHints":{"allow":["GET"]}}],"collection":[{"href":"https:\/\/hotelfabiandesbaux.com\/it\/wp-json\/wp\/v2\/actualites"}],"about":[{"href":"https:\/\/hotelfabiandesbaux.com\/it\/wp-json\/wp\/v2\/types\/actualites"}],"wp:featuredmedia":[{"embeddable":true,"href":"https:\/\/hotelfabiandesbaux.com\/it\/wp-json\/wp\/v2\/media\/2677"}],"wp:attachment":[{"href":"https:\/\/hotelfabiandesbaux.com\/it\/wp-json\/wp\/v2\/media?parent=2676"}],"curies":[{"name":"wp","href":"https:\/\/api.w.org\/{rel}","templated":true}]}}