{"id":2382,"date":"2024-05-03T10:44:12","date_gmt":"2024-05-03T08:44:12","guid":{"rendered":"https:\/\/hotelfabiandesbaux.com\/?post_type=actualites&#038;p=2382"},"modified":"2024-05-28T09:31:28","modified_gmt":"2024-05-28T07:31:28","slug":"gli-integrali-2024","status":"publish","type":"actualites","link":"https:\/\/hotelfabiandesbaux.com\/it\/notizie\/gli-integrali-2024\/","title":{"rendered":"Gli integrali 2024"},"content":{"rendered":"<p>IL 2024 COMPLETO<\/p>\n<p>Scoprite o riscoprite le emozioni delle mostre passate! Un viaggio straordinario nel tempo che vi porter\u00e0 dal mondo spirituale e mistico di Hieronymus Bosch alle creazioni surrealiste di Arcimboldo, alle fantasticherie di Dal\u00ed, senza dimenticare l'espressione rivoluzionaria dell'astrazione di Kandinsky.<\/p>\n<p>UNA STRAORDINARIA SELEZIONE PER IMMERGERVI IN MONDI UNICI!<\/p>\n<p>Bosch, Brueghel, Arcimboldo: un fantastico viaggio artistico: questa mostra invita a scoprire il mondo ricco e creativo di tre maestri del XVI secolo. Dall'iconico trittico di Bosch alle affascinanti composizioni di fiori e frutta di Arcimboldo, fino alle scene di feste paesane di Brueghel, le Carri\u00e8res des Lumi\u00e8res aprono le porte di questi mondi affascinanti in cui vengono illustrati la vita e i suoi contrasti tra bene e male.<\/p>\n<p>Kandinsky, l'odissea dell'astrazione: artista, poeta e teorico, Kandinsky \u00e8 stato il pioniere dell'arte astratta che ha trasformato la scena artistica con le sue opere vibranti. Scoprite una tavolozza di colori vibranti attraverso opere chiave come Composizione VIII (1923) e Giallo, rosso, blu (1925), ed esplorate le sue forme biomorfiche degli ultimi anni.<\/p>\n<p>Dal\u00ed, l'enigma continua: una retrospettiva che comprende dipinti, disegni, sculture e film, facendo luce sulla figura eccentrica di Dal\u00ed, sui suoi temi ricorrenti del mistero e del soprannaturale e sulla sua devozione a Gala, sua eterna ispirazione.<\/p>\n<p><strong>9, 10 e 19 maggio<br \/>\n8, 15 e 22 giugno<br \/>\n22 luglio<br \/>\n19 agosto<\/strong><\/p>\n<p><strong>\u231b Durata :<\/strong>\u00a02 ore con intervallo<br \/>\n<strong>???? Inizio proiezione :<\/strong>\u00a020h30<\/p>\n<p>&nbsp;<\/p>\n<p>JIMMY NELSON - I GUARDIANI DELL'UMANIT\u00c0: LE ULTIME SENTINELLE<\/p>\n<p>Intraprendete un viaggio di quaranta minuti attraverso le ultime culture indigene del mondo e paesaggi mozzafiato con \"The Last Sentinels\", creata dallo studio Spectre Lab. Questa mostra rende omaggio alla diversit\u00e0 dei popoli che vivono in simbiosi con la natura.<\/p>\n<p>Attraverso questa mostra immersiva, Culturespaces fornisce un sostegno finanziario alla Jimmy Nelson Foundation, dedicata a unire i popoli del mondo in uno sforzo comune per preservare il patrimonio naturale e culturale dell'umanit\u00e0.<\/p>\n<p>Jimmy Nelson ha dichiarato: \"\u00c8 tempo di riconoscere e celebrare le comunit\u00e0 indigene rimaste nel mondo come nuovi modelli di societ\u00e0. Esse incarnano l'esempio perfetto di coesistenza armoniosa tra gli esseri umani, le loro culture distintive e l'ambiente naturale\".<\/p>\n<p>&nbsp;<\/p>\n<p>CONCERTI DEI LUMI<\/p>\n<p>5 serate di musica di artisti che vi faranno riscoprire Vivaldi e la meravigliosa musica ispirata al leggendario Oriente.<\/p>\n<ul>\n<li>R\u00eaves d'Orient, Aline Piboule al pianoforte il 28, 29 luglio e 5 agosto 2024<\/li>\n<li>Vivaldi, Le quattro stagioni e altri concerti di Les Consort, Th\u00e9otime Langlois de Swarte, violino e direttore il 12 e 13 agosto 2024<\/li>\n<\/ul>\n<p>&nbsp;<\/p>","protected":false},"featured_media":2634,"menu_order":0,"template":"","class_list":["post-2382","actualites","type-actualites","status-publish","has-post-thumbnail","hentry"],"acf":[],"_links":{"self":[{"href":"https:\/\/hotelfabiandesbaux.com\/it\/wp-json\/wp\/v2\/actualites\/2382","targetHints":{"allow":["GET"]}}],"collection":[{"href":"https:\/\/hotelfabiandesbaux.com\/it\/wp-json\/wp\/v2\/actualites"}],"about":[{"href":"https:\/\/hotelfabiandesbaux.com\/it\/wp-json\/wp\/v2\/types\/actualites"}],"wp:featuredmedia":[{"embeddable":true,"href":"https:\/\/hotelfabiandesbaux.com\/it\/wp-json\/wp\/v2\/media\/2634"}],"wp:attachment":[{"href":"https:\/\/hotelfabiandesbaux.com\/it\/wp-json\/wp\/v2\/media?parent=2382"}],"curies":[{"name":"wp","href":"https:\/\/api.w.org\/{rel}","templated":true}]}}