{"id":1554,"date":"2024-04-19T11:22:56","date_gmt":"2024-04-19T10:22:56","guid":{"rendered":"https:\/\/hotelfabiandesbaux.com\/?post_type=actualites&#038;p=1554"},"modified":"2024-05-02T13:32:37","modified_gmt":"2024-05-02T11:32:37","slug":"tintin","status":"publish","type":"actualites","link":"https:\/\/hotelfabiandesbaux.com\/it\/notizie\/tintin\/","title":{"rendered":"Tintin"},"content":{"rendered":"<div class=\"exhibition__header\">\n<p>Dal 15 aprile<\/p>\n<\/div>\n<div class=\"exhibition__content\">\n<div class=\"exhibition__wysiwyg\">\n<div class=\"body\">\n<p>Dopo il successo di \"TINTIN, THE IMMERSIVE ADVENTURE\", presentato all'Atelier des Lumi\u00e8res di Parigi nel 2022, questa creazione unica dedicata alle avventure di Tintin, frutto della collaborazione tra Culturespaces e Tintinimaginatio, arriver\u00e0 nel 2023 alle Carri\u00e8res des Lumi\u00e8res.<\/p>\n<p>Il passo dalla carta al digitale \u00e8 uno solo e i due partner hanno deciso di farlo unendo le loro competenze. Tintinimaginatio, titolare in esclusiva mondiale dei diritti di sfruttamento e rappresentazione dell'opera di Herg\u00e9, ha unito le forze con Culturespaces, pioniere nella creazione di mostre immersive uniche.<\/p>\n<p>Dalla prima edizione di\u00a0<em>Tintin nel paese dei sovietici<\/em>\u00a0Tintin, l'Aventure immersive\" \u00e8 un omaggio al famoso reporter in borraccia, il grande viaggiatore le cui avventure in giro per il mondo fanno parte della cultura popolare da quasi 100 anni. Promette una rilettura unica e coinvolgente dell'opera di Herg\u00e9, permettendo a grandi e piccini di (ri)immergersi nell'universo creativo e narrativo di uno dei pi\u00f9 grandi autori di fumetti del XX secolo.<\/p>\n<p>Per l'occasione, viene chiamata a raccolta tutta la famiglia di carta della famosa saga. Tintin, Snowy, ma anche la fedele \"guardia stretta\" formata dal Capitano Haddock, i Dupondts, il Professor Tournesol, Castafiore e molti altri. Senza dimenticare, naturalmente, gli antipatici - ma inevitabili - cattivi.<\/p>\n<p>Vi aspettiamo alle Carri\u00e8res des Lumi\u00e8res per scoprire questa colorata esperienza estetica!<\/p>\n<p><em><strong>Coproduzione :\u00a0<\/strong>Culturespaces Digital\u00ae \/ \u00a9 Herg\u00e9 \/ Tintinimaginatio - 2023<\/em><br \/>\n<em><strong>Design e animazione :<\/strong>\u00a0Laboratorio Spectre\u00a0<strong>Collaborazione musicale :\u00a0<\/strong>Avviamento Rec<\/em><\/p>\n<\/div>\n<\/div>\n<\/div>","protected":false},"featured_media":1493,"menu_order":1,"template":"","class_list":["post-1554","actualites","type-actualites","status-publish","has-post-thumbnail","hentry"],"acf":[],"_links":{"self":[{"href":"https:\/\/hotelfabiandesbaux.com\/it\/wp-json\/wp\/v2\/actualites\/1554","targetHints":{"allow":["GET"]}}],"collection":[{"href":"https:\/\/hotelfabiandesbaux.com\/it\/wp-json\/wp\/v2\/actualites"}],"about":[{"href":"https:\/\/hotelfabiandesbaux.com\/it\/wp-json\/wp\/v2\/types\/actualites"}],"wp:featuredmedia":[{"embeddable":true,"href":"https:\/\/hotelfabiandesbaux.com\/it\/wp-json\/wp\/v2\/media\/1493"}],"wp:attachment":[{"href":"https:\/\/hotelfabiandesbaux.com\/it\/wp-json\/wp\/v2\/media?parent=1554"}],"curies":[{"name":"wp","href":"https:\/\/api.w.org\/{rel}","templated":true}]}}